{"id":58,"date":"2016-12-03T22:41:36","date_gmt":"2016-12-03T22:41:36","guid":{"rendered":"http:\/\/soniamadrigal.com\/lamuertesaleporeloriente\/?p=58"},"modified":"2016-12-03T22:41:36","modified_gmt":"2016-12-03T22:41:36","slug":"lasninas","status":"publish","type":"post","link":"https:\/\/soniamadrigal.com\/mapa\/lasninas\/","title":{"rendered":"Colectivo Las Ni\u00f1as"},"content":{"rendered":"<p style=\"text-align: justify;\"><img loading=\"lazy\" decoding=\"async\" src=\"http:\/\/img.soy-chile.cl\/Fotos\/2016\/03\/09\/file_20160309140449.jpg\" width=\"300\" height=\"222\" longdesc=\"http:\/\/soniamadrigal.com\/lamuertesaleporeloriente\/Giuliana%20Acevedo\" \/> \u00a0 <a href=\"https:\/\/www.google.com\/maps\/d\/u\/0\/viewer?ll=-33.436306703115854%2C-70.65309987246093&amp;z=13&amp;mid=1cOARpWlSYFHyoGgRLM3Hm5xvgjQ\" target=\"_blank\"><img loading=\"lazy\" decoding=\"async\" src=\"http:\/\/soniamadrigal.com\/lamuertesaleporeloriente\/images\/giuliaacevedomap.jpg\" width=\"300\" height=\"222\" longdesc=\"http:\/\/soniamadrigal.com\/lamuertesaleporeloriente\/Giuliana%20Acevedo\" \/><\/a><\/p>\n<p style=\"text-align: justify;\"><strong>Giuliana Andrea Acevedo<\/strong><br \/>\nEste video fue realizado por el colectivo chileno <strong><a href=\"http:\/\/colectivolasninas.com\/\" target=\"_blank\">Las Ni\u00f1as<\/a><\/strong>, en alusi\u00f3n a Giuliana quien fue asesinada por su pareja Erwin Mauricio Vald\u00e9s Ortiz el 6 de marzo de 2016 en Chile.<\/p>\n<p style=\"text-align: justify;\">Edad: 21 a\u00f1os<br \/>\nNacionalidad: Colombiana<br \/>\nEncontrada el d\u00eda: 06-03-2016<br \/>\nDomicilio: Hermanos Amun\u00e1tegui esq. Hu\u00e9rfanos, Santiago, Regi\u00f3n Metropolitana Chile<br \/>\nLugar de donde fue asesinada: Su domicilio<br \/>\nLugar donde fue encontrada: R\u00edo Mapocho<br \/>\nAsesino: Edwin Mauricio V\u00e1squez Ortiz de 25 a\u00f1os, nacionalidad colombiana y pareja sentimental<br \/>\nDatos del caso: Compart\u00edan departamento, seg\u00fan testigos \u00e9l ejerc\u00eda maltrato psicol\u00f3gico sobre ella<br \/>\nFemicidio #10 en Chile<br \/>\n<a href=\"https:\/\/portal.sernam.cl\/?m=programa&amp;i=67%20http:\/\/www.soychile.cl\/Santiago\/Policial\/2016\/03\/08\/379910\/Detuvieron-a-un-sospechoso-del-asesinato-y-descuartizamiento-de-una-mujer-en-el-rio-Mapocho.aspx\" target=\"_blank\"><strong>Fuente<\/strong><\/a><\/p>\n<p style=\"text-align: justify; font-size: 14px;\"><a href=\"http:\/\/www.colectivolasninas.com\/\" target=\"_blank\">Website<\/a>\u00a0\/ <a href=\"https:\/\/www.facebook.com\/colectivolasninas\/?fref=ts\" target=\"_blank\">FB<\/a>\u00a0\/\u00a0<a href=\"mailto:mercedescamacho@gmail.com\">EMAIL<\/a><\/p>\n<p>&nbsp;<\/p>\n<p align=\"center\"><iframe loading=\"lazy\" src=\"https:\/\/drive.google.com\/file\/d\/0B1SsUM7oJO1xbmZYck11YU1lTEk\/preview\" width=\"640\" height=\"480\"><\/iframe><\/p>\n<p align=\"center\"><a href=\"https:\/\/drive.google.com\/file\/d\/0B1SsUM7oJO1xbmZYck11YU1lTEk\/view\">Ver video en grande<\/a><br \/>\n<img decoding=\"async\" src=\"http:\/\/colectivolasninas.com\/wp-content\/themes\/lasninas\/img\/logocabecera.jpg\" alt=\"Colectivo Las Ni\u00f1as\" width=\"100\" \/><\/p>\n","protected":false},"excerpt":{"rendered":"<p>\u00a0 Giuliana Andrea Acevedo Este video fue realizado por el colectivo chileno Las Ni\u00f1as, en alusi\u00f3n a Giuliana quien fue asesinada por su pareja Erwin Mauricio Vald\u00e9s Ortiz el 6 de marzo de 2016 en Chile. Edad: 21 a\u00f1os Nacionalidad: Colombiana Encontrada el d\u00eda: 06-03-2016 Domicilio: Hermanos Amun\u00e1tegui esq. Hu\u00e9rfanos, Santiago, Regi\u00f3n Metropolitana Chile Lugar [&hellip;]<\/p>\n","protected":false},"author":2,"featured_media":0,"comment_status":"closed","ping_status":"closed","sticky":false,"template":"","format":"standard","meta":{"footnotes":""},"categories":[4],"tags":[],"class_list":["post-58","post","type-post","status-publish","format-standard","hentry","category-videos"],"_links":{"self":[{"href":"https:\/\/soniamadrigal.com\/mapa\/wp-json\/wp\/v2\/posts\/58","targetHints":{"allow":["GET"]}}],"collection":[{"href":"https:\/\/soniamadrigal.com\/mapa\/wp-json\/wp\/v2\/posts"}],"about":[{"href":"https:\/\/soniamadrigal.com\/mapa\/wp-json\/wp\/v2\/types\/post"}],"author":[{"embeddable":true,"href":"https:\/\/soniamadrigal.com\/mapa\/wp-json\/wp\/v2\/users\/2"}],"replies":[{"embeddable":true,"href":"https:\/\/soniamadrigal.com\/mapa\/wp-json\/wp\/v2\/comments?post=58"}],"version-history":[{"count":0,"href":"https:\/\/soniamadrigal.com\/mapa\/wp-json\/wp\/v2\/posts\/58\/revisions"}],"wp:attachment":[{"href":"https:\/\/soniamadrigal.com\/mapa\/wp-json\/wp\/v2\/media?parent=58"}],"wp:term":[{"taxonomy":"category","embeddable":true,"href":"https:\/\/soniamadrigal.com\/mapa\/wp-json\/wp\/v2\/categories?post=58"},{"taxonomy":"post_tag","embeddable":true,"href":"https:\/\/soniamadrigal.com\/mapa\/wp-json\/wp\/v2\/tags?post=58"}],"curies":[{"name":"wp","href":"https:\/\/api.w.org\/{rel}","templated":true}]}}