{"id":46,"date":"2016-12-03T22:23:28","date_gmt":"2016-12-03T22:23:28","guid":{"rendered":"http:\/\/soniamadrigal.com\/lamuertesaleporeloriente\/?p=46"},"modified":"2019-04-07T02:06:37","modified_gmt":"2019-04-07T02:06:37","slug":"violenciafeminicidaecuador","status":"publish","type":"post","link":"https:\/\/soniamadrigal.com\/mapa\/violenciafeminicidaecuador\/","title":{"rendered":"Violencia Feminicida Ecuador"},"content":{"rendered":"<p style=\"text-align: justify;\"><strong>Del Colectivo Geograf\u00eda Cr\u00edtica<br \/>\n<a title=\"Violencia Feminicida Ecuador\" href=\"http:\/\/geografiacriticaecuador.org\/2016\/11\/23\/violencia-feminicida-en-el-ecuador-lo-que-la-prensa-revela\/\" target=\"_blank\" rel=\"noopener\">Visitar sitio<\/a><\/strong><\/p>\n<p>En el caso de Ecuador, los datos provienen del proyecto<em><strong> <a title=\"Colectivo Geograf\u00eda Cr\u00edtica de Ecuador\" href=\"http:\/\/geografiacriticaecuador.org\/2016\/11\/23\/violencia-feminicida-en-el-ecuador-lo-que-la-prensa-revela\/\" target=\"_blank\" rel=\"noopener\">Violencia Feminicida Ecuador<\/a> <\/strong><\/em>del Colectivo Geograf\u00eda Cr\u00edtica:<\/p>\n<blockquote><p><em>\u00abAcompa\u00f1amos procesos en defensa del territorio, los derechos colectivos y de la naturaleza. Tambi\u00e9n es para las y los participantes en el mismo, un espacio de formaci\u00f3n conjunta, y de generaci\u00f3n de pensamiento sobre el territorio.\u00bb<br \/>\n<\/em><\/p><\/blockquote>\n<p style=\"text-align: justify; font-size: 14px;\">Iconos: <img decoding=\"async\" src=\"http:\/\/soniamadrigal.com\/lamuertesaleporeloriente\/images\/ecuador1.png\" alt=\"Feminicidios en Ecuador\" width=\"20\" \/> Feminicidios\u00a0 <img decoding=\"async\" src=\"http:\/\/soniamadrigal.com\/lamuertesaleporeloriente\/images\/ecuador2.png\" alt=\"Feminicidios en Ecuador\" width=\"20\" \/> Violaci\u00f3n sexual\u00a0 <img decoding=\"async\" src=\"http:\/\/soniamadrigal.com\/lamuertesaleporeloriente\/images\/ecuador3.png\" alt=\"Feminicidios en Ecuador\" width=\"20\" \/> Violaci\u00f3n dom\u00e9stica \u00a0<img decoding=\"async\" src=\"http:\/\/soniamadrigal.com\/lamuertesaleporeloriente\/images\/ecuador4.png\" alt=\"Feminicidios en Ecuador\" width=\"20\" \/> Desapariciones \u00a0<img decoding=\"async\" src=\"http:\/\/soniamadrigal.com\/lamuertesaleporeloriente\/images\/ecuador5.png\" alt=\"Feminicidios en Ecuador\" width=\"20\" \/> Agresi\u00f3n f\u00edsica no dom\u00e9stica \u00a0<img decoding=\"async\" src=\"http:\/\/soniamadrigal.com\/lamuertesaleporeloriente\/images\/ecuador6.png\" alt=\"Feminicidios en Ecuador\" width=\"20\" \/> Explotaci\u00f3n sexual<\/p>\n<p style=\"text-align: center;\"><iframe loading=\"lazy\" src=\"https:\/\/www.google.com\/maps\/d\/embed?mid=1GJGbiCYkTZUS2ryoq3tCiW4txBs&amp;hl=en_US\" width=\"640\" height=\"480\"><\/iframe><\/p>\n","protected":false},"excerpt":{"rendered":"<p>Del Colectivo Geograf\u00eda Cr\u00edtica Visitar sitio En el caso de Ecuador, los datos provienen del proyecto Violencia Feminicida Ecuador del Colectivo Geograf\u00eda Cr\u00edtica: \u00abAcompa\u00f1amos procesos en defensa del territorio, los derechos colectivos y de la naturaleza. Tambi\u00e9n es para las y los participantes en el mismo, un espacio de formaci\u00f3n conjunta, y de generaci\u00f3n de [&hellip;]<\/p>\n","protected":false},"author":2,"featured_media":0,"comment_status":"closed","ping_status":"closed","sticky":false,"template":"","format":"standard","meta":{"footnotes":""},"categories":[2],"tags":[],"class_list":["post-46","post","type-post","status-publish","format-standard","hentry","category-fuentes"],"_links":{"self":[{"href":"https:\/\/soniamadrigal.com\/mapa\/wp-json\/wp\/v2\/posts\/46","targetHints":{"allow":["GET"]}}],"collection":[{"href":"https:\/\/soniamadrigal.com\/mapa\/wp-json\/wp\/v2\/posts"}],"about":[{"href":"https:\/\/soniamadrigal.com\/mapa\/wp-json\/wp\/v2\/types\/post"}],"author":[{"embeddable":true,"href":"https:\/\/soniamadrigal.com\/mapa\/wp-json\/wp\/v2\/users\/2"}],"replies":[{"embeddable":true,"href":"https:\/\/soniamadrigal.com\/mapa\/wp-json\/wp\/v2\/comments?post=46"}],"version-history":[{"count":1,"href":"https:\/\/soniamadrigal.com\/mapa\/wp-json\/wp\/v2\/posts\/46\/revisions"}],"predecessor-version":[{"id":185,"href":"https:\/\/soniamadrigal.com\/mapa\/wp-json\/wp\/v2\/posts\/46\/revisions\/185"}],"wp:attachment":[{"href":"https:\/\/soniamadrigal.com\/mapa\/wp-json\/wp\/v2\/media?parent=46"}],"wp:term":[{"taxonomy":"category","embeddable":true,"href":"https:\/\/soniamadrigal.com\/mapa\/wp-json\/wp\/v2\/categories?post=46"},{"taxonomy":"post_tag","embeddable":true,"href":"https:\/\/soniamadrigal.com\/mapa\/wp-json\/wp\/v2\/tags?post=46"}],"curies":[{"name":"wp","href":"https:\/\/api.w.org\/{rel}","templated":true}]}}